{"id":916,"__str__":"Parecer CPJR n\u00ba 9 de 2021","link_detail_backend":"/materia/916","metadata":{},"numero":9,"ano":2021,"numero_protocolo":null,"data_apresentacao":"2021-02-22","tipo_apresentacao":"E","data_publicacao":"2021-02-22","numero_origem_externa":"009","ano_origem_externa":2021,"data_origem_externa":"2021-02-22","apelido":"CPJR","dias_prazo":null,"data_fim_prazo":null,"em_tramitacao":true,"polemica":false,"objeto":"","complementar":false,"ementa":"PARECER N\u00b0 009/2021 DA COMISS\u00c3O PERMANENTE DE JUSTI\u00c7A E REDA\u00c7\u00c3O AO PROJETO DE LEI N\u00b0162/2021.","indexacao":"ARECER N\u00b0009/2021 DA COMISS\u00c3O PERMANENTE DE JUSTI\u00c7A E REDA\u00c7\u00c3O AO PROJETO DE LEI N\u00b0162/2021.","observacao":"PARECER FAVOR\u00c1VEL BASEADO NA MANIFESTA\u00c7\u00c3O DO RELATOR E  MEMBRO, QUE ASSUMIRAM INTERINAMENTE COMO PRESIDENTE RELATOR.","resultado":"","texto_original":"http://sapl.mirantedaserra.ro.leg.br/media/sapl/public/materialegislativa/2021/916/cpjr_009.021.pdf","data_ultima_atualizacao":"2021-02-25T10:53:10.565221-03:00","ip":"177.15.86.102","ultima_edicao":"2021-02-25T10:53:10.421703-03:00","tipo":25,"regime_tramitacao":1,"tipo_origem_externa":25,"local_origem_externa":1,"user":1,"anexadas":[],"autores":[]}