{"id":534,"__str__":"Requerimentos n\u00ba 22 de 2020","link_detail_backend":"/materia/534","metadata":{},"numero":22,"ano":2020,"numero_protocolo":null,"data_apresentacao":"2020-03-02","tipo_apresentacao":"E","data_publicacao":null,"numero_origem_externa":"22","ano_origem_externa":2020,"data_origem_externa":"2020-03-02","apelido":"REQ","dias_prazo":null,"data_fim_prazo":null,"em_tramitacao":true,"polemica":null,"objeto":"REQUERIMENTO","complementar":null,"ementa":"REQUER: \u201cQUE SEJA DISPONIBILIZADO MEIOS F\u00cdSICOS E FINANCEIROS PARA A IMPLANTA\u00c7\u00c3O E EFETIVA\u00c7\u00c3O DA GUARDA MIRIM EM NOSSA CIDADE\u201d.","indexacao":"REQUER: \u201cQUE SEJA DISPONIBILIZADO MEIOS F\u00cdSICOS E FINANCEIROS PARA A IMPLANTA\u00c7\u00c3O E EFETIVA\u00c7\u00c3O DA GUARDA MIRIM EM NOSSA CIDADE\u201d.","observacao":"","resultado":"","texto_original":"http://sapl.mirantedaserra.ro.leg.br/media/sapl/public/materialegislativa/2020/534/22.pdf","data_ultima_atualizacao":"2020-03-17T13:23:36.440502-03:00","ip":"179.252.90.254","ultima_edicao":null,"tipo":15,"regime_tramitacao":1,"tipo_origem_externa":15,"local_origem_externa":1,"user":1,"anexadas":[],"autores":[21]}