{"id":428,"__str__":"Parecer CPJR n\u00ba 73 de 2019","link_detail_backend":"/materia/428","metadata":{},"numero":73,"ano":2019,"numero_protocolo":null,"data_apresentacao":"2019-12-02","tipo_apresentacao":"E","data_publicacao":null,"numero_origem_externa":"073","ano_origem_externa":2019,"data_origem_externa":"2019-12-02","apelido":"CPJR","dias_prazo":null,"data_fim_prazo":null,"em_tramitacao":true,"polemica":false,"objeto":"PARECER","complementar":null,"ementa":"PARECER N\u00ba 073/2019, DA COMISS\u00c3O PERMANENTE DE JUSTI\u00c7A E REDA\u00c7\u00c3O AO PROJETO DE LEI N\u00ba 970/2019","indexacao":"PARECER N\u00ba 073/2019, DA COMISS\u00c3O PERMANENTE DE JUSTI\u00c7A E REDA\u00c7\u00c3O AO PROJETO DE LEI N\u00ba 970/2019","observacao":"","resultado":"","texto_original":null,"data_ultima_atualizacao":"2019-12-04T09:33:23.459845-03:00","ip":"177.222.212.8","ultima_edicao":null,"tipo":25,"regime_tramitacao":2,"tipo_origem_externa":25,"local_origem_externa":1,"user":1,"anexadas":[],"autores":[]}